{"id":208,"date":"2023-09-01T15:37:45","date_gmt":"2023-09-01T15:37:45","guid":{"rendered":"https:\/\/redmocracia.org\/blog\/?p=208"},"modified":"2023-11-04T15:40:35","modified_gmt":"2023-11-04T15:40:35","slug":"cuantas-reacciones-en-facebook-han-recibido-los-candidatos-a-la-alcaldia-de-bogota-en-el-ultimo-mes","status":"publish","type":"post","link":"https:\/\/redmocracia.org\/blog\/index.php\/2023\/09\/01\/cuantas-reacciones-en-facebook-han-recibido-los-candidatos-a-la-alcaldia-de-bogota-en-el-ultimo-mes\/","title":{"rendered":"\u00bfCu\u00e1ntas reacciones recibieron los candidatos a la Alcald\u00eda de Bogot\u00e1 en Facebook?"},"content":{"rendered":"<p>\u00bfCu\u00e1ntas reacciones recibieron los candidatos a la alcald\u00eda de Bogot\u00e1 en Facebook? Datos desde agosto 3 a 29 de Octubre de 2023.<\/p>\n<p><b>2.550.159 Reacciones recibieron los candidatos a la alcald\u00eda de Bogot\u00e1 en Facebook desde el 3 de agosto al 29 de octubre de 2023.<\/b><\/p>\n<p>En el siguiente enlace puede observar el Tracking tasa de interacci\u00f3n Alcald\u00eda Bogot\u00e1.<\/p>\n<p><a href=\"https:\/\/www.facebook.com\/fundacionredmocracia\/videos\/1807202839717035\/\" target=\"_blank\" rel=\"noopener\">https:\/\/www.facebook.com\/fundacionredmocracia\/videos\/1807202839717035\/<\/a><\/p>\n<p>Descargue aqu\u00ed en informe en PDF: <a href=\"https:\/\/redmocracia.org\/blog\/wp-content\/uploads\/2023\/09\/Presentacion-Alcaldia-Bogota.pdf\" target=\"_blank\" rel=\"noopener\">Presentaci\u00f3n Alcald\u00eda Bogot\u00e1<\/a><\/p>\n<p><img loading=\"lazy\" decoding=\"async\" class=\"wp-image-184 aligncenter\" src=\"https:\/\/redmocracia.org\/blog\/wp-content\/uploads\/2023\/08\/pngegg-300x150.png\" alt=\"\" width=\"560\" height=\"280\" srcset=\"https:\/\/redmocracia.org\/blog\/wp-content\/uploads\/2023\/08\/pngegg-300x150.png 300w, https:\/\/redmocracia.org\/blog\/wp-content\/uploads\/2023\/08\/pngegg-768x384.png 768w, https:\/\/redmocracia.org\/blog\/wp-content\/uploads\/2023\/08\/pngegg.png 1024w\" sizes=\"auto, (max-width: 560px) 100vw, 560px\" \/><\/p>\n<div class=\"flourish-embed flourish-chart\" data-src=\"visualisation\/14897372\"><script src=\"https:\/\/public.flourish.studio\/resources\/embed.js\"><\/script><\/div>\n<p>&nbsp;<\/p>\n<div id=\"fb-root\" style=\"text-align: center;\"><\/div>\n<p><script async defer src=\"https:\/\/connect.facebook.net\/en_US\/sdk.js#xfbml=1&#038;version=v7.0\"><\/script><\/p>\n<div class=\"fb-ad-library-spend-tracker\" data-country=\"CO\" data-page-ids=\"267843760376547,109837172070287,51946639172,105092249354899,91251840313,336029623084446,195575853964886,106073925661132,101009746361355\" data-time-preset=\"last_90_days\" data-width=\"350\"><\/div>\n","protected":false},"excerpt":{"rendered":"<p>\u00bfCu\u00e1ntas reacciones recibieron los candidatos a la alcald\u00eda de Bogot\u00e1 en Facebook? Datos desde agosto 3 a 29 de Octubre de 2023. 2.550.159 Reacciones recibieron los candidatos a la alcald\u00eda de Bogot\u00e1 en Facebook desde el 3 de agosto al 29 de octubre de 2023. En el siguiente enlace puede observar el Tracking tasa de [&hellip;]<\/p>\n","protected":false},"author":1,"featured_media":299,"comment_status":"open","ping_status":"closed","sticky":false,"template":"","format":"standard","meta":{"footnotes":""},"categories":[11,10,12],"tags":[],"class_list":["post-208","post","type-post","status-publish","format-standard","has-post-thumbnail","hentry","category-colombia","category-democracia-digital","category-elecciones2023"],"_links":{"self":[{"href":"https:\/\/redmocracia.org\/blog\/index.php\/wp-json\/wp\/v2\/posts\/208","targetHints":{"allow":["GET"]}}],"collection":[{"href":"https:\/\/redmocracia.org\/blog\/index.php\/wp-json\/wp\/v2\/posts"}],"about":[{"href":"https:\/\/redmocracia.org\/blog\/index.php\/wp-json\/wp\/v2\/types\/post"}],"author":[{"embeddable":true,"href":"https:\/\/redmocracia.org\/blog\/index.php\/wp-json\/wp\/v2\/users\/1"}],"replies":[{"embeddable":true,"href":"https:\/\/redmocracia.org\/blog\/index.php\/wp-json\/wp\/v2\/comments?post=208"}],"version-history":[{"count":11,"href":"https:\/\/redmocracia.org\/blog\/index.php\/wp-json\/wp\/v2\/posts\/208\/revisions"}],"predecessor-version":[{"id":321,"href":"https:\/\/redmocracia.org\/blog\/index.php\/wp-json\/wp\/v2\/posts\/208\/revisions\/321"}],"wp:featuredmedia":[{"embeddable":true,"href":"https:\/\/redmocracia.org\/blog\/index.php\/wp-json\/wp\/v2\/media\/299"}],"wp:attachment":[{"href":"https:\/\/redmocracia.org\/blog\/index.php\/wp-json\/wp\/v2\/media?parent=208"}],"wp:term":[{"taxonomy":"category","embeddable":true,"href":"https:\/\/redmocracia.org\/blog\/index.php\/wp-json\/wp\/v2\/categories?post=208"},{"taxonomy":"post_tag","embeddable":true,"href":"https:\/\/redmocracia.org\/blog\/index.php\/wp-json\/wp\/v2\/tags?post=208"}],"curies":[{"name":"wp","href":"https:\/\/api.w.org\/{rel}","templated":true}]}}