{"id":322,"date":"2023-11-04T15:57:33","date_gmt":"2023-11-04T15:57:33","guid":{"rendered":"https:\/\/redmocracia.org\/blog\/?p=322"},"modified":"2023-11-04T16:09:46","modified_gmt":"2023-11-04T16:09:46","slug":"segun-el-cerebro-conectado-las-cuentas-no-cuadran-en-bogota","status":"publish","type":"post","link":"https:\/\/redmocracia.org\/blog\/index.php\/2023\/11\/04\/segun-el-cerebro-conectado-las-cuentas-no-cuadran-en-bogota\/","title":{"rendered":"Seg\u00fan el cerebro conectado, las cuentas no cuadran en Bogot\u00e1."},"content":{"rendered":"<p>\u00bfCu\u00e1ntas reacciones recibieron los candidatos a la alcald\u00eda de Bogot\u00e1 en Facebook? Datos desde agosto 3 a 29 de Octubre de 2023.<\/p>\n<p><b>2.550.159 Reacciones recibieron los candidatos a la alcald\u00eda de Bogot\u00e1 en Facebook desde el 3 de agosto al 29 de octubre de 2023.<\/b><\/p>\n<div dir=\"auto\">El presente an\u00e1lisis busca decantar una opini\u00f3n t\u00e9cnica sobre la elecci\u00f3n a la alcald\u00eda de Bogot\u00e1 en 2023, si\u00e9ntase libre de opinar o dejar sus comentarios en este espacio de blog.<\/div>\n<div dir=\"auto\"><\/div>\n<div class=\"x11i5rnm xat24cr x1mh8g0r x1vvkbs xtlvy1s x126k92a\">\n<div dir=\"auto\" style=\"text-align: justify;\">1. Tomando la tasa de interacci\u00f3n de todos los candidatos a la alcald\u00eda de Bogot\u00e1 el d\u00eda 29 de octubre de 2023: <strong>1.286.576<\/strong> y lo dividimos por el n\u00famero total de seguidores de todos los candidatos con corte al 29 de octubre: <strong>973.584<\/strong> esto nos da el promedio de interacci\u00f3n por persona de: <strong>1,321484330062943.<\/strong><\/div>\n<div dir=\"auto\" style=\"text-align: justify;\"><\/div>\n<div dir=\"auto\" style=\"text-align: justify;\">2. <strong>Ahora:<\/strong> <em><strong>La estimaci\u00f3n de personas \u00fanicas:<\/strong><\/em> tasa de interacci\u00f3n <strong>1.286.576<\/strong> dividido en el promedio de interacci\u00f3n por persona: 1,321484330062943 = <strong>973.583,9 personas \u00fanicas, que interactuaron con todas las p\u00e1ginas de los candidatos.<\/strong><\/div>\n<div dir=\"auto\" style=\"text-align: justify;\"><\/div>\n<\/div>\n<div class=\"x11i5rnm xat24cr x1mh8g0r x1vvkbs xtlvy1s x126k92a\" style=\"text-align: justify;\">\n<div dir=\"auto\">Nota: Informaci\u00f3n de an\u00e1lisis personal. Abierto a opiniones, seguramente ser\u00e1 motivo de burla y\/o asombro, a nosotros nos interesan los datos. Con esta misma tecnolog\u00eda logramos predecir Gobernador de Boyac\u00e1, Alcaldes de Sogamoso y Tunja en el departamento de Boyac\u00e1.<\/div>\n<\/div>\n<p style=\"text-align: justify;\"><strong>En el siguiente video puede observar el Tracking de tasa de interacci\u00f3n Alcald\u00eda Bogot\u00e1.<\/strong><\/p>\n<p><iframe loading=\"lazy\" title=\"YouTube video player\" src=\"https:\/\/www.youtube.com\/embed\/WDML47vBaLk?si=BYtDo3TQikAG6lkf\" width=\"360\" height=\"315\" frameborder=\"0\" allowfullscreen=\"allowfullscreen\"><span data-mce-type=\"bookmark\" style=\"display: inline-block; width: 0px; overflow: hidden; line-height: 0;\" class=\"mce_SELRES_start\">\ufeff<\/span><\/iframe><\/p>\n<p>Descargue aqu\u00ed en informe en PDF: <a href=\"https:\/\/redmocracia.org\/blog\/wp-content\/uploads\/2023\/09\/Presentacion-Alcaldia-Bogota.pdf\" target=\"_blank\" rel=\"noopener\">Presentaci\u00f3n Alcald\u00eda Bogot\u00e1<\/a><\/p>\n<p><img loading=\"lazy\" decoding=\"async\" class=\"wp-image-184 aligncenter\" src=\"https:\/\/redmocracia.org\/blog\/wp-content\/uploads\/2023\/08\/pngegg-300x150.png\" alt=\"\" width=\"560\" height=\"280\" srcset=\"https:\/\/redmocracia.org\/blog\/wp-content\/uploads\/2023\/08\/pngegg-300x150.png 300w, https:\/\/redmocracia.org\/blog\/wp-content\/uploads\/2023\/08\/pngegg-768x384.png 768w, https:\/\/redmocracia.org\/blog\/wp-content\/uploads\/2023\/08\/pngegg.png 1024w\" sizes=\"auto, (max-width: 560px) 100vw, 560px\" \/><\/p>\n<div class=\"flourish-embed flourish-chart\" data-src=\"visualisation\/14897372\"><script src=\"https:\/\/public.flourish.studio\/resources\/embed.js\"><\/script><\/div>\n<p>&nbsp;<\/p>\n<div id=\"fb-root\"><\/div>\n<p><script async defer src=\"https:\/\/connect.facebook.net\/en_US\/sdk.js#xfbml=1&#038;version=v7.0\"><\/script><\/p>\n<div class=\"fb-ad-library-spend-tracker\" data-country=\"CO\" data-page-ids=\"267843760376547,109837172070287,51946639172,105092249354899,91251840313,336029623084446,195575853964886,106073925661132,101009746361355\" data-time-preset=\"last_90_days\" data-width=\"350\"><\/div>\n","protected":false},"excerpt":{"rendered":"<p>\u00bfCu\u00e1ntas reacciones recibieron los candidatos a la alcald\u00eda de Bogot\u00e1 en Facebook? Datos desde agosto 3 a 29 de Octubre de 2023. 2.550.159 Reacciones recibieron los candidatos a la alcald\u00eda de Bogot\u00e1 en Facebook desde el 3 de agosto al 29 de octubre de 2023. El presente an\u00e1lisis busca decantar una opini\u00f3n t\u00e9cnica sobre la [&hellip;]<\/p>\n","protected":false},"author":1,"featured_media":327,"comment_status":"open","ping_status":"closed","sticky":false,"template":"","format":"standard","meta":{"footnotes":""},"categories":[1],"tags":[],"class_list":["post-322","post","type-post","status-publish","format-standard","has-post-thumbnail","hentry","category-uncategorized"],"_links":{"self":[{"href":"https:\/\/redmocracia.org\/blog\/index.php\/wp-json\/wp\/v2\/posts\/322","targetHints":{"allow":["GET"]}}],"collection":[{"href":"https:\/\/redmocracia.org\/blog\/index.php\/wp-json\/wp\/v2\/posts"}],"about":[{"href":"https:\/\/redmocracia.org\/blog\/index.php\/wp-json\/wp\/v2\/types\/post"}],"author":[{"embeddable":true,"href":"https:\/\/redmocracia.org\/blog\/index.php\/wp-json\/wp\/v2\/users\/1"}],"replies":[{"embeddable":true,"href":"https:\/\/redmocracia.org\/blog\/index.php\/wp-json\/wp\/v2\/comments?post=322"}],"version-history":[{"count":5,"href":"https:\/\/redmocracia.org\/blog\/index.php\/wp-json\/wp\/v2\/posts\/322\/revisions"}],"predecessor-version":[{"id":329,"href":"https:\/\/redmocracia.org\/blog\/index.php\/wp-json\/wp\/v2\/posts\/322\/revisions\/329"}],"wp:featuredmedia":[{"embeddable":true,"href":"https:\/\/redmocracia.org\/blog\/index.php\/wp-json\/wp\/v2\/media\/327"}],"wp:attachment":[{"href":"https:\/\/redmocracia.org\/blog\/index.php\/wp-json\/wp\/v2\/media?parent=322"}],"wp:term":[{"taxonomy":"category","embeddable":true,"href":"https:\/\/redmocracia.org\/blog\/index.php\/wp-json\/wp\/v2\/categories?post=322"},{"taxonomy":"post_tag","embeddable":true,"href":"https:\/\/redmocracia.org\/blog\/index.php\/wp-json\/wp\/v2\/tags?post=322"}],"curies":[{"name":"wp","href":"https:\/\/api.w.org\/{rel}","templated":true}]}}