{"id":404,"date":"2024-03-08T15:41:19","date_gmt":"2024-03-08T15:41:19","guid":{"rendered":"https:\/\/redmocracia.org\/blog\/?p=404"},"modified":"2024-03-08T15:41:19","modified_gmt":"2024-03-08T15:41:19","slug":"sogamoso-toma-protagonismo-en-la-gobernacion-de-boyaca","status":"publish","type":"post","link":"https:\/\/redmocracia.org\/blog\/index.php\/2024\/03\/08\/sogamoso-toma-protagonismo-en-la-gobernacion-de-boyaca\/","title":{"rendered":"Sogamoso toma protagonismo en la Gobernaci\u00f3n de Boyac\u00e1."},"content":{"rendered":"<p style=\"text-align: justify;\" data-sourcepos=\"3:1-3:335\"><strong>Sogamoso, 8 de marzo de 2024<\/strong>. La participaci\u00f3n de sogamose\u00f1os en el gabinete departamental de Boyac\u00e1 nunca hab\u00eda sido tan significativa como en la actualidad. Con cinco cargos de alto nivel ocupados por profesionales de la ciudad, Sogamoso se ha convertido en una fuerza importante en la administraci\u00f3n del gobernador Carlos Amaya.<\/p>\n<p style=\"text-align: justify;\" data-sourcepos=\"5:1-5:36\"><strong>Un gabinete con sello sogamose\u00f1o<\/strong><\/p>\n<ul style=\"text-align: justify;\" data-sourcepos=\"7:1-11:0\">\n<li data-sourcepos=\"7:1-7:47\"><strong>Alexander Adame<\/strong>, Secretario de Desarrollo<\/li>\n<li data-sourcepos=\"8:1-8:45\"><strong>Alejandro Guti\u00e9rrez<\/strong>, Asesor de Despacho<\/li>\n<li data-sourcepos=\"9:1-9:74\"><strong>Vanessa P\u00e9rez<\/strong>, Gerente Departamental del Programa Convites Comunales<\/li>\n<li data-sourcepos=\"10:1-11:0\"><strong>Sandra Milena Urrut\u00eda<\/strong>, Secretaria de las TIC y Gobierno Abierto, (Provincia de Sugamuxi)<\/li>\n<\/ul>\n<p style=\"text-align: justify;\" data-sourcepos=\"12:1-12:42\"><strong>Presencia en la Asamblea Departamental<\/strong><\/p>\n<p style=\"text-align: justify;\" data-sourcepos=\"14:1-14:153\">Adem\u00e1s de la participaci\u00f3n en el gabinete, la provincia de Sugamuxi tambi\u00e9n tiene una fuerte representaci\u00f3n en la Asamblea Departamental con dos curules:<\/p>\n<ul style=\"text-align: justify;\" data-sourcepos=\"16:1-18:0\">\n<li data-sourcepos=\"16:1-16:24\"><strong>Dr. Felipe Puentes<\/strong><\/li>\n<li data-sourcepos=\"17:1-18:0\"><strong>Dr. Rom\u00e1n Ortega<\/strong><\/li>\n<\/ul>\n<p style=\"text-align: justify;\" data-sourcepos=\"21:1-21:397\">La presencia de tantos sogamose\u00f1os en cargos de alto nivel en la Gobernaci\u00f3n de Boyac\u00e1 es un hecho hist\u00f3rico que demuestra el talento y la capacidad de los profesionales de la ciudad. Esta participaci\u00f3n representa una oportunidad para que Sogamoso tenga una mayor incidencia en las decisiones que se toman en el departamento y para que se implementen pol\u00edticas p\u00fablicas que beneficien a la regi\u00f3n.<\/p>\n<p style=\"text-align: justify;\" data-sourcepos=\"25:1-25:287\">La participaci\u00f3n de Sogamoso en la Gobernaci\u00f3n de Boyac\u00e1 es un buen augurio para el futuro de la ciudad. Se espera que esta representaci\u00f3n se traduzca en beneficios concretos para la comunidad sogamose\u00f1a en \u00e1reas como desarrollo econ\u00f3mico, educaci\u00f3n, salud, infraestructura y tecnolog\u00eda.<\/p>\n<p style=\"text-align: justify;\" data-sourcepos=\"27:1-27:26\"><strong>Un llamado a la unidad<\/strong><\/p>\n<p style=\"text-align: justify;\" data-sourcepos=\"29:1-29:322\">Este momento hist\u00f3rico es una oportunidad para que los sogamose\u00f1os se unan y trabajen en conjunto por el desarrollo de la ciudad. Es importante que se apoye la gesti\u00f3n de los funcionarios que est\u00e1n representando a Sogamoso en la Gobernaci\u00f3n de Boyac\u00e1 y que se les haga saber las necesidades y expectativas de la comunidad por parte de la administraci\u00f3n municipal de Sogamoso.<\/p>\n<blockquote>\n<p data-sourcepos=\"29:1-29:322\">\u201cAl C\u00e9sar lo que es del C\u00e9sar y a Dios lo que es de Dios\u201d<\/p>\n<\/blockquote>\n<p style=\"text-align: justify;\" data-sourcepos=\"31:1-31:238\"><strong>Sogamoso est\u00e1 viviendo un momento hist\u00f3rico. La participaci\u00f3n de la ciudad en la Gobernaci\u00f3n de Boyac\u00e1 es una oportunidad para que se impulse el desarrollo de la regi\u00f3n y para que se mejore la calidad de vida de todos los sogamose\u00f1os y habitantes de la provincia de Sugamuxi.<\/strong><\/p>\n<p data-sourcepos=\"33:1-33:71\">\n","protected":false},"excerpt":{"rendered":"<p>Sogamoso, 8 de marzo de 2024. La participaci\u00f3n de sogamose\u00f1os en el gabinete departamental de Boyac\u00e1 nunca hab\u00eda sido tan significativa como en la actualidad. Con cinco cargos de alto nivel ocupados por profesionales de la ciudad, Sogamoso se ha convertido en una fuerza importante en la administraci\u00f3n del gobernador Carlos Amaya. Un gabinete con [&hellip;]<\/p>\n","protected":false},"author":1,"featured_media":405,"comment_status":"open","ping_status":"closed","sticky":false,"template":"","format":"standard","meta":{"footnotes":""},"categories":[1],"tags":[],"class_list":["post-404","post","type-post","status-publish","format-standard","has-post-thumbnail","hentry","category-uncategorized"],"_links":{"self":[{"href":"https:\/\/redmocracia.org\/blog\/index.php\/wp-json\/wp\/v2\/posts\/404","targetHints":{"allow":["GET"]}}],"collection":[{"href":"https:\/\/redmocracia.org\/blog\/index.php\/wp-json\/wp\/v2\/posts"}],"about":[{"href":"https:\/\/redmocracia.org\/blog\/index.php\/wp-json\/wp\/v2\/types\/post"}],"author":[{"embeddable":true,"href":"https:\/\/redmocracia.org\/blog\/index.php\/wp-json\/wp\/v2\/users\/1"}],"replies":[{"embeddable":true,"href":"https:\/\/redmocracia.org\/blog\/index.php\/wp-json\/wp\/v2\/comments?post=404"}],"version-history":[{"count":1,"href":"https:\/\/redmocracia.org\/blog\/index.php\/wp-json\/wp\/v2\/posts\/404\/revisions"}],"predecessor-version":[{"id":406,"href":"https:\/\/redmocracia.org\/blog\/index.php\/wp-json\/wp\/v2\/posts\/404\/revisions\/406"}],"wp:featuredmedia":[{"embeddable":true,"href":"https:\/\/redmocracia.org\/blog\/index.php\/wp-json\/wp\/v2\/media\/405"}],"wp:attachment":[{"href":"https:\/\/redmocracia.org\/blog\/index.php\/wp-json\/wp\/v2\/media?parent=404"}],"wp:term":[{"taxonomy":"category","embeddable":true,"href":"https:\/\/redmocracia.org\/blog\/index.php\/wp-json\/wp\/v2\/categories?post=404"},{"taxonomy":"post_tag","embeddable":true,"href":"https:\/\/redmocracia.org\/blog\/index.php\/wp-json\/wp\/v2\/tags?post=404"}],"curies":[{"name":"wp","href":"https:\/\/api.w.org\/{rel}","templated":true}]}}