{"id":550,"date":"2024-11-28T04:44:57","date_gmt":"2024-11-28T04:44:57","guid":{"rendered":"https:\/\/redmocracia.org\/blog\/?p=550"},"modified":"2024-11-28T21:43:51","modified_gmt":"2024-11-28T21:43:51","slug":"rey-o-reina-de-x-antes-twitter-en-colombia-analisis-tasa-de-interaccion-redmocracia","status":"publish","type":"post","link":"https:\/\/redmocracia.org\/blog\/index.php\/2024\/11\/28\/rey-o-reina-de-x-antes-twitter-en-colombia-analisis-tasa-de-interaccion-redmocracia\/","title":{"rendered":"An\u00e1lisis tasa de interacci\u00f3n X antes Twitter precandidatos presidencia Colombia."},"content":{"rendered":"<h3 data-pm-slice=\"1 1 []\">\u00bfQui\u00e9n es el rey o la reina de X antes Twitter en Colombia?<\/h3>\n<h3 data-pm-slice=\"1 1 []\"><img loading=\"lazy\" decoding=\"async\" class=\"alignnone wp-image-554\" src=\"https:\/\/redmocracia.org\/blog\/wp-content\/uploads\/2024\/11\/Imagen-de-WhatsApp-2024-11-27-a-las-23.26.42_967fd1f3-300x300.jpg\" alt=\"\" width=\"628\" height=\"628\" srcset=\"https:\/\/redmocracia.org\/blog\/wp-content\/uploads\/2024\/11\/Imagen-de-WhatsApp-2024-11-27-a-las-23.26.42_967fd1f3-300x300.jpg 300w, https:\/\/redmocracia.org\/blog\/wp-content\/uploads\/2024\/11\/Imagen-de-WhatsApp-2024-11-27-a-las-23.26.42_967fd1f3-1024x1024.jpg 1024w, https:\/\/redmocracia.org\/blog\/wp-content\/uploads\/2024\/11\/Imagen-de-WhatsApp-2024-11-27-a-las-23.26.42_967fd1f3-150x150.jpg 150w, https:\/\/redmocracia.org\/blog\/wp-content\/uploads\/2024\/11\/Imagen-de-WhatsApp-2024-11-27-a-las-23.26.42_967fd1f3-768x768.jpg 768w, https:\/\/redmocracia.org\/blog\/wp-content\/uploads\/2024\/11\/Imagen-de-WhatsApp-2024-11-27-a-las-23.26.42_967fd1f3-24x24.jpg 24w, https:\/\/redmocracia.org\/blog\/wp-content\/uploads\/2024\/11\/Imagen-de-WhatsApp-2024-11-27-a-las-23.26.42_967fd1f3-48x48.jpg 48w, https:\/\/redmocracia.org\/blog\/wp-content\/uploads\/2024\/11\/Imagen-de-WhatsApp-2024-11-27-a-las-23.26.42_967fd1f3-96x96.jpg 96w, https:\/\/redmocracia.org\/blog\/wp-content\/uploads\/2024\/11\/Imagen-de-WhatsApp-2024-11-27-a-las-23.26.42_967fd1f3.jpg 1280w\" sizes=\"auto, (max-width: 628px) 100vw, 628px\" \/><\/h3>\n<p style=\"text-align: justify;\">En REDmocracia, siempre estamos atentos al pulso digital. Hoy, presentamos un nuevo estudio de <strong>Tracking de redes sociales<\/strong> que analiza las tasas de interacci\u00f3n, retweets y \u00abme gusta\u00bb de las cuentas de X antes Twitter de <strong>36 posibles precandidatos a la presidencia de Colombia<\/strong>.<\/p>\n<p style=\"text-align: justify;\">Las redes sociales se han convertido en un campo clave para medir el alcance y la influencia de los nuevos liderazgos. Con este tracking, buscamos responder preguntas cruciales: \u00bfQu\u00e9 tan efectiva es la comunicaci\u00f3n digital de cada precandidato? \u00bfCu\u00e1l de ellos logra conectar mejor con sus seguidores? Y, finalmente, \u00bfQui\u00e9n se posiciona como el verdadero \u00abrey\u00bb o \u00abreina\u00bb de Twitter en Colombia?<\/p>\n<h4 style=\"text-align: justify;\">Metodolog\u00eda del estudio<\/h4>\n<p style=\"text-align: justify;\">Nuestro an\u00e1lisis se enfoc\u00f3 en recopilar datos de las interacciones en las publicaciones recientes de cada precandidato. Evaluamos tres indicadores principales:<\/p>\n<ol style=\"text-align: justify;\" start=\"1\" data-spread=\"false\">\n<li><strong>Tasa de interacci\u00f3n:<\/strong> la proporci\u00f3n entre las interacciones (retweets, me gusta y comentarios) y el n\u00famero de seguidores, analizamos un total de 15.773.917 interacciones, datos capturados entre el 21 de mayo al 27 de Noviembre de 2024.<\/li>\n<li><strong>Retweets:<\/strong> como indicador de la viralidad y resonancia de sus mensajes, analizamos un total de 1.549.503 <strong>Retweets<\/strong>, entre el 29 de octubre al 27 de Noviembre de 2024.<\/li>\n<li><strong>Me gusta:<\/strong> que reflejan el nivel de afinidad o aprobaci\u00f3n de su contenido, analizamos un total de 3.395.761 <strong>Me gusta<\/strong>, entre el 29 de octubre al 27 de Noviembre de 2024.<\/li>\n<\/ol>\n<p style=\"text-align: justify;\">Este enfoque nos permiti\u00f3 crear un ranking comparativo que resalta no solo el volumen de interacciones, sino tambi\u00e9n la calidad de la conexi\u00f3n entre los precandidatos y su audiencia. (H\u00e1gale zoom \ud83d\udd0d)<\/p>\n<div class=\"flourish-embed flourish-bar-chart-race\" style=\"text-align: justify;\" data-src=\"visualisation\/18058379\"><script src=\"https:\/\/public.flourish.studio\/resources\/embed.js\"><\/script><noscript><img decoding=\"async\" src=\"https:\/\/public.flourish.studio\/visualisation\/18058379\/thumbnail\" width=\"100%\" alt=\"bar-chart-race visualization\" \/><\/noscript><\/div>\n<h4 style=\"text-align: justify;\">Hallazgos preliminares<\/h4>\n<p style=\"text-align: justify;\">Aunque los resultados completos se publicar\u00e1n pr\u00f3ximamente, aqu\u00ed adelantamos algunos hallazgos:<\/p>\n<ul style=\"text-align: justify;\" data-spread=\"false\">\n<li><strong>Candidatos emergentes<\/strong> con bases de seguidores m\u00e1s peque\u00f1as pero altamente comprometidas est\u00e1n superando en tasa de interacci\u00f3n a figuras m\u00e1s consolidadas.<\/li>\n<li>Los temas de actualidad, como el cambio clim\u00e1tico y la seguridad ciudadana, generan mayores niveles de engagement.<\/li>\n<li>El uso estrat\u00e9gico de multimedia (videos y gr\u00e1ficos) est\u00e1 marcando la diferencia en las publicaciones m\u00e1s exitosas.<\/li>\n<\/ul>\n<div class=\"flourish-embed flourish-chart\" style=\"text-align: justify;\" data-src=\"visualisation\/20519565\"><script src=\"https:\/\/public.flourish.studio\/resources\/embed.js\"><\/script><noscript><img decoding=\"async\" src=\"https:\/\/public.flourish.studio\/visualisation\/20519565\/thumbnail\" width=\"100%\" alt=\"chart visualization\" \/><\/noscript><\/div>\n<h4 style=\"text-align: justify;\">\u00bfPor qu\u00e9 importa este an\u00e1lisis?<\/h4>\n<p style=\"text-align: justify;\">En una era donde las decisiones electorales son influenciadas por las redes sociales, entender qui\u00e9nes dominan estas plataformas nos da pistas sobre las tendencias y preferencias de la opini\u00f3n p\u00fablica. Este tracking no solo destaca a los l\u00edderes digitales, sino tambi\u00e9n evidencia los retos que enfrentan aquellos que buscan consolidar su presencia en el mundo digital.<\/p>\n<p style=\"text-align: justify;\">\u00a1Est\u00e9n atentos! Pronto compartiremos m\u00e1s insights sobre la din\u00e1mica pol\u00edtica en X antes Twitter. Mientras tanto, los invitamos a reflexionar: \u00bfEs el rey o la reina de Twitter tambi\u00e9n un reflejo del futuro liderazgo pol\u00edtico de Colombia?<\/p>\n<h3 data-pm-slice=\"1 1 []\">Con el \u2764\ufe0f\u00a0por REDmocracia<\/h3>\n","protected":false},"excerpt":{"rendered":"<p>\u00bfQui\u00e9n es el rey o la reina de X antes Twitter en Colombia? En REDmocracia, siempre estamos atentos al pulso digital. Hoy, presentamos un nuevo estudio de Tracking de redes sociales que analiza las tasas de interacci\u00f3n, retweets y \u00abme gusta\u00bb de las cuentas de X antes Twitter de 36 posibles precandidatos a la presidencia [&hellip;]<\/p>\n","protected":false},"author":1,"featured_media":554,"comment_status":"open","ping_status":"closed","sticky":false,"template":"","format":"standard","meta":{"footnotes":""},"categories":[11,10,8],"tags":[],"class_list":["post-550","post","type-post","status-publish","format-standard","has-post-thumbnail","hentry","category-colombia","category-democracia-digital","category-redmocracia"],"_links":{"self":[{"href":"https:\/\/redmocracia.org\/blog\/index.php\/wp-json\/wp\/v2\/posts\/550","targetHints":{"allow":["GET"]}}],"collection":[{"href":"https:\/\/redmocracia.org\/blog\/index.php\/wp-json\/wp\/v2\/posts"}],"about":[{"href":"https:\/\/redmocracia.org\/blog\/index.php\/wp-json\/wp\/v2\/types\/post"}],"author":[{"embeddable":true,"href":"https:\/\/redmocracia.org\/blog\/index.php\/wp-json\/wp\/v2\/users\/1"}],"replies":[{"embeddable":true,"href":"https:\/\/redmocracia.org\/blog\/index.php\/wp-json\/wp\/v2\/comments?post=550"}],"version-history":[{"count":16,"href":"https:\/\/redmocracia.org\/blog\/index.php\/wp-json\/wp\/v2\/posts\/550\/revisions"}],"predecessor-version":[{"id":568,"href":"https:\/\/redmocracia.org\/blog\/index.php\/wp-json\/wp\/v2\/posts\/550\/revisions\/568"}],"wp:featuredmedia":[{"embeddable":true,"href":"https:\/\/redmocracia.org\/blog\/index.php\/wp-json\/wp\/v2\/media\/554"}],"wp:attachment":[{"href":"https:\/\/redmocracia.org\/blog\/index.php\/wp-json\/wp\/v2\/media?parent=550"}],"wp:term":[{"taxonomy":"category","embeddable":true,"href":"https:\/\/redmocracia.org\/blog\/index.php\/wp-json\/wp\/v2\/categories?post=550"},{"taxonomy":"post_tag","embeddable":true,"href":"https:\/\/redmocracia.org\/blog\/index.php\/wp-json\/wp\/v2\/tags?post=550"}],"curies":[{"name":"wp","href":"https:\/\/api.w.org\/{rel}","templated":true}]}}