{"id":642,"date":"2025-01-07T21:45:25","date_gmt":"2025-01-07T21:45:25","guid":{"rendered":"https:\/\/redmocracia.org\/blog\/?p=642"},"modified":"2025-01-07T21:49:29","modified_gmt":"2025-01-07T21:49:29","slug":"ano-nuevo-trackingnuevo-mandatarios-electos-boyaca","status":"publish","type":"post","link":"https:\/\/redmocracia.org\/blog\/index.php\/2025\/01\/07\/ano-nuevo-trackingnuevo-mandatarios-electos-boyaca\/","title":{"rendered":"A\u00f1o nuevo #TrackingNuevo Mandatarios electos Boyac\u00e1."},"content":{"rendered":"<h3 style=\"text-align: justify;\" data-pm-slice=\"1 1 []\">Tasa de Interacci\u00f3n en P\u00e1ginas de Facebook de los Mandatarios Electos de Boyac\u00e1 (2024-2027)<\/h3>\n<p style=\"text-align: justify;\"><strong>Introducci\u00f3n<\/strong> El papel de las redes sociales en la comunicaci\u00f3n pol\u00edtica ha crecido exponencialmente, convirti\u00e9ndose en una herramienta clave para los mandatarios locales. En este art\u00edculo, presentamos un an\u00e1lisis detallado de la tasa de interacci\u00f3n en las p\u00e1ginas oficiales de Facebook de los mandatarios electos de Boyac\u00e1 para el periodo 2024-2027. Este estudio abarca desde el d\u00eda de las elecciones, el 10 de octubre de 2023, hasta el 7 de enero de 2025, complementado con un an\u00e1lisis m\u00e1s espec\u00edfico de reacciones en Facebook entre el 9 de diciembre de 2024 y el 7 de enero de 2025 (\u00e9poca navide\u00f1a).<\/p>\n<p style=\"text-align: justify;\"><strong>Metodolog\u00eda<\/strong><\/p>\n<ol style=\"text-align: justify;\" start=\"1\" data-spread=\"false\">\n<li style=\"list-style-type: none;\">\n<ol style=\"text-align: justify;\" start=\"1\" data-spread=\"false\">\n<li><strong>Periodo de An\u00e1lisis General<\/strong>: Se recopil\u00f3 informaci\u00f3n de interacciones desde el 10 de octubre de 2023 al 7 de enero de 2025. Este periodo permite evaluar c\u00f3mo los mandatarios han gestionado sus plataformas durante su gesti\u00f3n y en los primeros meses de su gobierno.<\/li>\n<li><strong>An\u00e1lisis Espec\u00edfico de Reacciones<\/strong>: Se realiz\u00f3 un estudio m\u00e1s detallado de las reacciones en Facebook (Me gusta, coraz\u00f3n, comentarios, y compartidos, entre otros) en un periodo m\u00e1s reducido: del 9 de diciembre de 2024 al 7 de enero de 2025. Este enfoque busca identificar patrones espec\u00edficos de interacci\u00f3n durante la etapa de fin de a\u00f1o y comienzo del nuevo ciclo administrativo.<\/li>\n<\/ol>\n<\/li>\n<\/ol>\n<ol style=\"text-align: justify;\" start=\"1\" data-spread=\"false\">\n<li><strong>Indicadores Clave<\/strong>:\n<ul data-spread=\"false\">\n<li>Tasa de interacci\u00f3n: [(Reacciones totales + Comentarios + Compartidos) \/ Alcance total] * 100.<\/li>\n<li>Distribuci\u00f3n de las reacciones: Proporci\u00f3n de cada tipo de reacci\u00f3n respecto al total.<\/li>\n<\/ul>\n<\/li>\n<\/ol>\n<p style=\"text-align: justify;\"><strong>Resultados Principales<\/strong><\/p>\n<ul style=\"text-align: justify;\" data-spread=\"false\">\n<li><strong>Tasa de Interacci\u00f3n Promedio<\/strong>: Durante el periodo general, analizamos 5.803.105 interacciones.<\/li>\n<\/ul>\n<div class=\"flourish-embed flourish-bar-chart-race\" data-src=\"visualisation\/16296565\"><script src=\"https:\/\/public.flourish.studio\/resources\/embed.js\"><\/script><noscript><img decoding=\"async\" src=\"https:\/\/public.flourish.studio\/visualisation\/16296565\/thumbnail\" width=\"100%\" alt=\"bar-chart-race visualization\" \/><\/noscript><\/div>\n<ul style=\"text-align: justify;\" data-spread=\"false\">\n<li><strong>An\u00e1lisis Espec\u00edfico de Reacciones<\/strong>: En el periodo del 9 de diciembre de 2024 al 7 de enero de 2025 (\u00e9poca navide\u00f1a), se registraron en total 185.474 reacciones en total, puede hacer clic en cada reacci\u00f3n para analizar la informaci\u00f3n.<\/li>\n<\/ul>\n<div class=\"flourish-embed flourish-chart\" data-src=\"visualisation\/21070331\"><script src=\"https:\/\/public.flourish.studio\/resources\/embed.js\"><\/script><noscript><img decoding=\"async\" src=\"https:\/\/public.flourish.studio\/visualisation\/21070331\/thumbnail\" width=\"100%\" alt=\"chart visualization\" \/><\/noscript><\/div>\n<p style=\"text-align: justify;\">Los resultados reflejan c\u00f3mo los mandatarios utilizan sus plataformas de redes sociales no solo como un canal de comunicaci\u00f3n, sino tambi\u00e9n como una herramienta para medir la opini\u00f3n p\u00fablica. La alta tasa de interacci\u00f3n durante ciertos per\u00edodos indica una relaci\u00f3n directa entre la relevancia del contenido y el compromiso de los ciudadanos. Sin embargo, tambi\u00e9n se observa que algunas p\u00e1ginas presentan bajos niveles de interacci\u00f3n, lo que podr\u00eda reflejar una falta de estrategia digital efectiva.<\/p>\n<p style=\"text-align: justify;\">Este an\u00e1lisis destaca la importancia de mantener una estrategia de redes sociales coherente y relevante. Los mandatarios que logran generar interacciones positivas est\u00e1n m\u00e1s cerca de consolidar un v\u00ednculo directo con sus ciudadanos. De cara al futuro, recomendamos:<\/p>\n<ul style=\"text-align: justify;\" data-spread=\"false\">\n<li>Incrementar la frecuencia y calidad de las publicaciones.<\/li>\n<li>Fomentar interacciones mediante encuestas, transmisiones en vivo y respuestas a comentarios.<\/li>\n<li>Utilizar datos de interacci\u00f3n para adaptar las estrategias comunicativas.<\/li>\n<\/ul>\n<p style=\"text-align: justify;\">La din\u00e1mica de las redes sociales continuar\u00e1 siendo un factor clave para evaluar la gesti\u00f3n de los mandatarios locales en Boyac\u00e1 durante este periodo administrativo.<\/p>\n","protected":false},"excerpt":{"rendered":"<p>Tasa de Interacci\u00f3n en P\u00e1ginas de Facebook de los Mandatarios Electos de Boyac\u00e1 (2024-2027) Introducci\u00f3n El papel de las redes sociales en la comunicaci\u00f3n pol\u00edtica ha crecido exponencialmente, convirti\u00e9ndose en una herramienta clave para los mandatarios locales. En este art\u00edculo, presentamos un an\u00e1lisis detallado de la tasa de interacci\u00f3n en las p\u00e1ginas oficiales de Facebook [&hellip;]<\/p>\n","protected":false},"author":1,"featured_media":643,"comment_status":"open","ping_status":"closed","sticky":false,"template":"","format":"standard","meta":{"footnotes":""},"categories":[11,10,8],"tags":[],"class_list":["post-642","post","type-post","status-publish","format-standard","has-post-thumbnail","hentry","category-colombia","category-democracia-digital","category-redmocracia"],"_links":{"self":[{"href":"https:\/\/redmocracia.org\/blog\/index.php\/wp-json\/wp\/v2\/posts\/642","targetHints":{"allow":["GET"]}}],"collection":[{"href":"https:\/\/redmocracia.org\/blog\/index.php\/wp-json\/wp\/v2\/posts"}],"about":[{"href":"https:\/\/redmocracia.org\/blog\/index.php\/wp-json\/wp\/v2\/types\/post"}],"author":[{"embeddable":true,"href":"https:\/\/redmocracia.org\/blog\/index.php\/wp-json\/wp\/v2\/users\/1"}],"replies":[{"embeddable":true,"href":"https:\/\/redmocracia.org\/blog\/index.php\/wp-json\/wp\/v2\/comments?post=642"}],"version-history":[{"count":5,"href":"https:\/\/redmocracia.org\/blog\/index.php\/wp-json\/wp\/v2\/posts\/642\/revisions"}],"predecessor-version":[{"id":648,"href":"https:\/\/redmocracia.org\/blog\/index.php\/wp-json\/wp\/v2\/posts\/642\/revisions\/648"}],"wp:featuredmedia":[{"embeddable":true,"href":"https:\/\/redmocracia.org\/blog\/index.php\/wp-json\/wp\/v2\/media\/643"}],"wp:attachment":[{"href":"https:\/\/redmocracia.org\/blog\/index.php\/wp-json\/wp\/v2\/media?parent=642"}],"wp:term":[{"taxonomy":"category","embeddable":true,"href":"https:\/\/redmocracia.org\/blog\/index.php\/wp-json\/wp\/v2\/categories?post=642"},{"taxonomy":"post_tag","embeddable":true,"href":"https:\/\/redmocracia.org\/blog\/index.php\/wp-json\/wp\/v2\/tags?post=642"}],"curies":[{"name":"wp","href":"https:\/\/api.w.org\/{rel}","templated":true}]}}