{"id":700,"date":"2025-01-31T17:00:08","date_gmt":"2025-01-31T17:00:08","guid":{"rendered":"https:\/\/redmocracia.org\/blog\/?p=700"},"modified":"2025-01-31T17:01:25","modified_gmt":"2025-01-31T17:01:25","slug":"el-camino-hacia-la-verdad-tutela-respuestas-oficiales-de-cancilleria-siec-y-el-silencio-de-e-voting","status":"publish","type":"post","link":"https:\/\/redmocracia.org\/blog\/index.php\/2025\/01\/31\/el-camino-hacia-la-verdad-tutela-respuestas-oficiales-de-cancilleria-siec-y-el-silencio-de-e-voting\/","title":{"rendered":"El Camino hacia la Verdad: Tutela, Respuestas Oficiales de Canciller\u00eda, SIEC y el silencio de E-voting."},"content":{"rendered":"<h2 style=\"text-align: justify;\"><strong>Un proceso marcado por la falta de respuestas claras<\/strong><\/h2>\n<p style=\"text-align: justify;\">El 20 de enero de 2025, presentamos una acci\u00f3n de tutela ante el <strong>Juzgado 45 Administrativo de Bogot\u00e1<\/strong> en contra de la <strong>Canciller\u00eda y SIEC S.E.M. S.A.S.<\/strong>, con el objetivo de obtener informaci\u00f3n clara sobre la participaci\u00f3n de E-voting en el contrato estatal, su relaci\u00f3n laboral con SIEC y el cumplimiento de sus obligaciones en materia de seguridad social y protecci\u00f3n de datos personales.<\/p>\n<p style=\"text-align: justify;\">Tras la admisi\u00f3n de la tutela, el juez concedi\u00f3 un plazo de <strong>dos d\u00edas<\/strong> a las entidades accionadas para que presentaran sus informes. Tanto <strong>Canciller\u00eda como SIEC respondieron<\/strong>, aunque sus respuestas dejaron m\u00e1s dudas que certezas. La Canciller\u00eda aleg\u00f3 que <strong>traslad\u00f3 las preguntas a SIEC<\/strong>, pero no verific\u00f3 si los funcionarios de E-voting cumpl\u00edan con la normatividad colombiana. Por su parte, SIEC argument\u00f3 que <strong>la participaci\u00f3n de E-voting se dio bajo un acuerdo de licenciamiento de software<\/strong>, lo que evitar\u00eda la clasificaci\u00f3n como subcontrataci\u00f3n.<\/p>\n<p style=\"text-align: justify;\">A la fecha, <strong>E-voting no ha dado respuesta<\/strong> al derecho de petici\u00f3n enviado el 17 de enero a su correo oficial en Colombia, <a><strong>colombia@evoting.com<\/strong><\/a>, lo que refuerza las dudas sobre su participaci\u00f3n en el contrato y el nivel de transparencia en el manejo de los datos personales.<\/p>\n<h2 style=\"text-align: justify;\"><strong>Una decisi\u00f3n judicial que ignora los vac\u00edos de informaci\u00f3n<\/strong><\/h2>\n<p style=\"text-align: justify;\">El fallo de primera instancia <strong>neg\u00f3 la tutela en su totalidad<\/strong>, bajo el argumento de que <strong>las entidades hab\u00edan respondido oportunamente<\/strong> a los derechos de petici\u00f3n, sin considerar que las respuestas no resolv\u00edan las preguntas fundamentales:<\/p>\n<ul style=\"text-align: justify;\" data-spread=\"false\">\n<li><strong>\u00bfLos representantes de E-voting que participaron en reuniones oficiales eran empleados de SIEC?<\/strong><\/li>\n<li><strong>\u00bfSe realizaron aportes a seguridad social en Colombia por parte de SIEC para estas personas?<\/strong><\/li>\n<li><strong>\u00bfSe garantiz\u00f3 el cumplimiento de la Ley 1581 de 2012 en el manejo de los datos personales?<\/strong><\/li>\n<\/ul>\n<p style=\"text-align: justify;\">El <strong>Juzgado 45 Administrativo<\/strong> afirm\u00f3 que la tutela no era el mecanismo id\u00f3neo para exigir esta informaci\u00f3n y que exist\u00edan otros caminos administrativos o judiciales. Sin embargo, hasta la fecha, <strong>ning\u00fan otro recurso ha permitido obtener estas respuestas de manera efectiva.<\/strong><\/p>\n<h2 style=\"text-align: justify;\"><strong>La impugnaci\u00f3n: un paso necesario<\/strong><\/h2>\n<p style=\"text-align: justify;\">Hemos decidido <strong>impugnar la decisi\u00f3n<\/strong> ante el <strong>Tribunal Administrativo<\/strong>, con el fin de exigir que las entidades accionadas entreguen informaci\u00f3n clara y verificable sobre los siguientes puntos:<\/p>\n<ol style=\"text-align: justify;\" start=\"1\" data-spread=\"false\">\n<li><strong>Vinculaci\u00f3n laboral de los representantes de E-voting:<\/strong> si eran empleados de SIEC o actuaban como prestadores de servicios sin registro en Colombia.<\/li>\n<li><strong>Cumplimiento de obligaciones de seguridad social:<\/strong> si SIEC realiz\u00f3 aportes conforme a la legislaci\u00f3n laboral colombiana de todas las personas que participaron en la ejecuci\u00f3n del contrato principal.<\/li>\n<li><strong>Supervisi\u00f3n de la Canciller\u00eda:<\/strong> si verific\u00f3 estos aspectos antes de liquidar el contrato.<\/li>\n<\/ol>\n<p style=\"text-align: justify;\">Esta impugnaci\u00f3n es clave para demostrar que <strong>la tutela s\u00ed es un mecanismo v\u00e1lido<\/strong> cuando se trata de exigir transparencia en la ejecuci\u00f3n de contratos p\u00fablicos y la protecci\u00f3n de datos personales. Ahora, esperamos que el Tribunal Administrativo valore con mayor rigor los vac\u00edos de informaci\u00f3n y tome una decisi\u00f3n de fondo acorde con el derecho ciudadano a la informaci\u00f3n y la transparencia contractual.<\/p>\n<p style=\"text-align: justify;\">Seguiremos informando sobre los avances de este proceso.<\/p>\n<h3><strong>Art\u00edculos Relacionados:<\/strong><\/h3>\n<ol>\n<li><a href=\"https:\/\/redmocracia.org\/blog\/index.php\/2024\/10\/28\/evoting-empresa-chilena-interviene-politicamente-en-asuntos-de-colombia\/\" target=\"_blank\" rel=\"noopener\">#Evoting: Empresa chilena interviene pol\u00edticamente en asuntos de Colombia<\/a><\/li>\n<li><a href=\"https:\/\/redmocracia.org\/blog\/index.php\/2024\/12\/05\/criticas-a-la-metodologia-de-cansilleria-evoting-para-la-seleccion-de-representantes-en-la-mesa-nacional-de-la-sociedad-civil-para-las-migraciones\/\" target=\"_blank\" rel=\"noopener\">Cr\u00edticas a la metodolog\u00eda de Canciller\u00eda \u2013 Evoting para la Selecci\u00f3n de Representantes en la Mesa Nacional de la Sociedad Civil para las Migraciones<\/a><\/li>\n<li><a href=\"https:\/\/redmocracia.org\/blog\/index.php\/2024\/12\/10\/opinion-por-que-razon-consideramos-que-el-proceso-de-elecion-de-la-mnscm-no-es-legitimo-rumboalamesa\/\" target=\"_blank\" rel=\"noopener\">Opini\u00f3n: \u00bfPor qu\u00e9 raz\u00f3n consideramos que el proceso de eleci\u00f3n de la MNSCM no es leg\u00edtimo? #RumboALaMesa<\/a><\/li>\n<li><a href=\"https:\/\/redmocracia.org\/blog\/index.php\/2024\/12\/11\/es-legal-la-contratacion-directa-con-siec-s-e-m-s-a-s-por-parte-de-la-cancilleria\/\" target=\"_blank\" rel=\"noopener\">\u00bfEs Legal la Contrataci\u00f3n Directa con SIEC S.E.M. S.A.S. por parte de la Canciller\u00eda?.<\/a><\/li>\n<li><a href=\"https:\/\/redmocracia.org\/blog\/index.php\/2024\/12\/18\/el-caso-siec-s-a-s-y-evoting-subcontratacion-no-autorizada-y-posibles-irregularidades\/\" target=\"_blank\" rel=\"noopener\">El Caso SIEC S.A.S. y eVoting: Subcontrataci\u00f3n No Autorizada y Posibles Irregularidades<\/a><\/li>\n<li><a href=\"https:\/\/redmocracia.org\/blog\/index.php\/2024\/12\/27\/cancilleria-aclara-que-no-tiene-acuerdos-suscritos-con-la-empresa-chilena-e-voting\/\" target=\"_blank\" rel=\"noopener\">Canciller\u00eda aclara que no tiene acuerdos suscritos con la empresa chilena E-voting<\/a><\/li>\n<li><a href=\"https:\/\/redmocracia.org\/blog\/index.php\/2025\/01\/07\/falta-de-transparencia-siec-y-cancilleria-en-el-caso-de-la-mesa-nacional-de-la-sociedad-civil\/\" target=\"_blank\" rel=\"noopener\">Falta de Transparencia: SIEC y Canciller\u00eda en el Caso de la Mesa Nacional de la Sociedad Civil.<\/a><\/li>\n<li><a href=\"https:\/\/redmocracia.org\/blog\/index.php\/2025\/01\/17\/e-voting-manipulo-informacion-sensible-de-colombianos-en-el-exterior-sin-autorizacion-de-cancilleria\/\" target=\"_blank\" rel=\"noopener\">E-voting manipul\u00f3 informaci\u00f3n sensible de colombianos en el exterior sin autorizaci\u00f3n de canciller\u00eda<\/a>.<\/li>\n<li><a href=\"https:\/\/redmocracia.org\/blog\/index.php\/2025\/01\/18\/sobre-el-acuerdo-comercial-entre-siec-y-e-voting-frente-a-la-subordinacion-laboral\/\" target=\"_blank\" rel=\"noopener\">Sobre el acuerdo comercial entre SIEC y E-voting \u00bfsubordinaci\u00f3n laboral?.<\/a><\/li>\n<\/ol>\n","protected":false},"excerpt":{"rendered":"<p>Un proceso marcado por la falta de respuestas claras El 20 de enero de 2025, presentamos una acci\u00f3n de tutela ante el Juzgado 45 Administrativo de Bogot\u00e1 en contra de la Canciller\u00eda y SIEC S.E.M. S.A.S., con el objetivo de obtener informaci\u00f3n clara sobre la participaci\u00f3n de E-voting en el contrato estatal, su relaci\u00f3n laboral [&hellip;]<\/p>\n","protected":false},"author":1,"featured_media":620,"comment_status":"open","ping_status":"closed","sticky":false,"template":"","format":"standard","meta":{"footnotes":""},"categories":[11,10],"tags":[],"class_list":["post-700","post","type-post","status-publish","format-standard","has-post-thumbnail","hentry","category-colombia","category-democracia-digital"],"_links":{"self":[{"href":"https:\/\/redmocracia.org\/blog\/index.php\/wp-json\/wp\/v2\/posts\/700","targetHints":{"allow":["GET"]}}],"collection":[{"href":"https:\/\/redmocracia.org\/blog\/index.php\/wp-json\/wp\/v2\/posts"}],"about":[{"href":"https:\/\/redmocracia.org\/blog\/index.php\/wp-json\/wp\/v2\/types\/post"}],"author":[{"embeddable":true,"href":"https:\/\/redmocracia.org\/blog\/index.php\/wp-json\/wp\/v2\/users\/1"}],"replies":[{"embeddable":true,"href":"https:\/\/redmocracia.org\/blog\/index.php\/wp-json\/wp\/v2\/comments?post=700"}],"version-history":[{"count":2,"href":"https:\/\/redmocracia.org\/blog\/index.php\/wp-json\/wp\/v2\/posts\/700\/revisions"}],"predecessor-version":[{"id":702,"href":"https:\/\/redmocracia.org\/blog\/index.php\/wp-json\/wp\/v2\/posts\/700\/revisions\/702"}],"wp:featuredmedia":[{"embeddable":true,"href":"https:\/\/redmocracia.org\/blog\/index.php\/wp-json\/wp\/v2\/media\/620"}],"wp:attachment":[{"href":"https:\/\/redmocracia.org\/blog\/index.php\/wp-json\/wp\/v2\/media?parent=700"}],"wp:term":[{"taxonomy":"category","embeddable":true,"href":"https:\/\/redmocracia.org\/blog\/index.php\/wp-json\/wp\/v2\/categories?post=700"},{"taxonomy":"post_tag","embeddable":true,"href":"https:\/\/redmocracia.org\/blog\/index.php\/wp-json\/wp\/v2\/tags?post=700"}],"curies":[{"name":"wp","href":"https:\/\/api.w.org\/{rel}","templated":true}]}}