{"id":741,"date":"2025-06-29T05:27:34","date_gmt":"2025-06-29T05:27:34","guid":{"rendered":"https:\/\/redmocracia.org\/blog\/?p=741"},"modified":"2025-06-29T05:28:54","modified_gmt":"2025-06-29T05:28:54","slug":"nuevo-tracking-redmocracia-medios-de-comunicacion-en-boyaca-frente-a-medios-nacionales","status":"publish","type":"post","link":"https:\/\/redmocracia.org\/blog\/index.php\/2025\/06\/29\/nuevo-tracking-redmocracia-medios-de-comunicacion-en-boyaca-frente-a-medios-nacionales\/","title":{"rendered":"Medios de comunicaci\u00f3n en Boyac\u00e1 frente a medios nacionales"},"content":{"rendered":"<p data-start=\"216\" data-end=\"664\"><img loading=\"lazy\" decoding=\"async\" class=\"alignnone  wp-image-742\" src=\"https:\/\/redmocracia.org\/blog\/wp-content\/uploads\/2025\/06\/Colombia-rural-17-300x169.png\" alt=\"\" width=\"682\" height=\"384\" srcset=\"https:\/\/redmocracia.org\/blog\/wp-content\/uploads\/2025\/06\/Colombia-rural-17-300x169.png 300w, https:\/\/redmocracia.org\/blog\/wp-content\/uploads\/2025\/06\/Colombia-rural-17-1024x577.png 1024w, https:\/\/redmocracia.org\/blog\/wp-content\/uploads\/2025\/06\/Colombia-rural-17-768x433.png 768w, https:\/\/redmocracia.org\/blog\/wp-content\/uploads\/2025\/06\/Colombia-rural-17-1536x865.png 1536w, https:\/\/redmocracia.org\/blog\/wp-content\/uploads\/2025\/06\/Colombia-rural-17.png 1640w\" sizes=\"auto, (max-width: 682px) 100vw, 682px\" \/><\/p>\n<p style=\"text-align: justify;\" data-start=\"216\" data-end=\"664\">En Redmocracia seguimos ampliando nuestra mirada sobre el ecosistema digital, esta vez con un nuevo <strong data-start=\"316\" data-end=\"354\">tracking de medios de comunicaci\u00f3n<\/strong> enfocado en Boyac\u00e1. Analizamos el comportamiento en redes sociales de <strong data-start=\"425\" data-end=\"460\">17 p\u00e1ginas de medios regionales<\/strong> y lo comparamos con <strong data-start=\"481\" data-end=\"513\">2 medios de alcance nacional<\/strong>, para entender mejor c\u00f3mo circula la informaci\u00f3n en el territorio y cu\u00e1l es la capacidad de resonancia de los actores locales frente a los nacionales.<\/p>\n<div class=\"flourish-embed flourish-chart\" data-src=\"visualisation\/15926336\"><script src=\"https:\/\/public.flourish.studio\/resources\/embed.js\"><\/script><noscript><img decoding=\"async\" src=\"https:\/\/public.flourish.studio\/visualisation\/15926336\/thumbnail\" width=\"100%\" alt=\"chart visualization\" \/><\/noscript><\/div>\n<h4 style=\"text-align: justify;\" data-start=\"666\" data-end=\"695\">\ud83d\uddd3 Periodo de an\u00e1lisis<\/h4>\n<ul style=\"text-align: justify;\" data-start=\"696\" data-end=\"925\">\n<li data-start=\"696\" data-end=\"805\">\n<p data-start=\"698\" data-end=\"805\"><strong data-start=\"698\" data-end=\"716\">Interacciones:<\/strong> 6.281.166 registradas entre el <strong data-start=\"748\" data-end=\"773\">31 de octubre de 2023<\/strong> y el <strong data-start=\"779\" data-end=\"802\">28 de junio de 2025<\/strong>.<\/p>\n<\/li>\n<li data-start=\"806\" data-end=\"925\">\n<p data-start=\"808\" data-end=\"925\"><strong data-start=\"808\" data-end=\"863\">Reacciones (me gusta, me encanta, me enfada, etc.):<\/strong> 638.298 entre el <strong data-start=\"881\" data-end=\"895\">30 de mayo<\/strong> y el <strong data-start=\"901\" data-end=\"924\">28 de junio de 2025<\/strong>.<\/p>\n<\/li>\n<\/ul>\n<p style=\"text-align: justify;\" data-start=\"927\" data-end=\"1127\">Estos datos nos permiten <strong data-start=\"952\" data-end=\"1032\">medir el alcance, la capacidad de convocatoria y el nivel de involucramiento<\/strong> que tienen los medios locales frente a los nacionales dentro del ecosistema digital boyacense.<\/p>\n<h4 style=\"text-align: justify;\" data-start=\"1129\" data-end=\"1159\">\ud83d\udccc \u00bfQu\u00e9 estamos midiendo?<\/h4>\n<p style=\"text-align: justify;\" data-start=\"1160\" data-end=\"1248\">A trav\u00e9s de nuestras herramientas de an\u00e1lisis, realizamos un seguimiento sistem\u00e1tico de:<\/p>\n<ul style=\"text-align: justify;\" data-start=\"1249\" data-end=\"1483\">\n<li data-start=\"1249\" data-end=\"1323\">\n<p data-start=\"1251\" data-end=\"1323\">La <strong data-start=\"1254\" data-end=\"1283\">cantidad de interacciones<\/strong> (reacciones, comentarios, compartidos).<\/p>\n<\/li>\n<li data-start=\"1324\" data-end=\"1358\">\n<p data-start=\"1326\" data-end=\"1358\">El <strong data-start=\"1329\" data-end=\"1357\">volumen de publicaciones<\/strong>.<\/p>\n<\/li>\n<li data-start=\"1359\" data-end=\"1409\">\n<p data-start=\"1361\" data-end=\"1409\">La <strong data-start=\"1364\" data-end=\"1396\">temporalidad y concentraci\u00f3n<\/strong> del impacto.<\/p>\n<\/li>\n<li data-start=\"1410\" data-end=\"1483\">\n<p data-start=\"1412\" data-end=\"1483\">El <strong data-start=\"1415\" data-end=\"1482\">comportamiento diferencial entre medios regionales y nacionales<\/strong>.<\/p>\n<\/li>\n<\/ul>\n<h4 style=\"text-align: justify;\" data-start=\"1485\" data-end=\"1510\">\ud83d\udd0e \u00bfPor qu\u00e9 importa?<\/h4>\n<p style=\"text-align: justify;\" data-start=\"1511\" data-end=\"1944\">En un momento donde la informaci\u00f3n circula velozmente y los algoritmos definen buena parte de lo que vemos, <strong data-start=\"1619\" data-end=\"1694\">conocer el comportamiento digital de los medios en regiones como Boyac\u00e1<\/strong> es fundamental para fortalecer una ciudadan\u00eda informada. Este tracking es tambi\u00e9n una invitaci\u00f3n a <strong data-start=\"1794\" data-end=\"1858\">valorar y analizar cr\u00edticamente el rol de los medios locales<\/strong>, muchas veces invisibilizados frente al peso de los grandes conglomerados nacionales.<\/p>\n<div class=\"flourish-embed flourish-bar-chart-race\" data-src=\"visualisation\/15925881\"><script src=\"https:\/\/public.flourish.studio\/resources\/embed.js\"><\/script><noscript><img decoding=\"async\" src=\"https:\/\/public.flourish.studio\/visualisation\/15925881\/thumbnail\" width=\"100%\" alt=\"bar-chart-race visualization\" \/><\/noscript><\/div>\n<p style=\"text-align: justify;\" data-start=\"1951\" data-end=\"2131\">\ud83d\udcf0 <strong data-start=\"1954\" data-end=\"2131\">En nuestra pr\u00f3xima entrega compartiremos el ranking de medios boyacenses seg\u00fan interacciones y crecimiento, as\u00ed como casos destacados de publicaciones virales en el periodo.<\/strong><\/p>\n<p style=\"text-align: justify;\" data-start=\"2133\" data-end=\"2245\">S\u00edguenos en nuestras redes para estar al tanto.<br data-start=\"2180\" data-end=\"2183\" \/>#Redmocracia #TrackingDigital #MediosBoyac\u00e1 #DemocraciaDigital<\/p>\n","protected":false},"excerpt":{"rendered":"<p>En Redmocracia seguimos ampliando nuestra mirada sobre el ecosistema digital, esta vez con un nuevo tracking de medios de comunicaci\u00f3n enfocado en Boyac\u00e1. Analizamos el comportamiento en redes sociales de 17 p\u00e1ginas de medios regionales y lo comparamos con 2 medios de alcance nacional, para entender mejor c\u00f3mo circula la informaci\u00f3n en el territorio y [&hellip;]<\/p>\n","protected":false},"author":1,"featured_media":742,"comment_status":"open","ping_status":"closed","sticky":false,"template":"","format":"standard","meta":{"footnotes":""},"categories":[11,10,8],"tags":[],"class_list":["post-741","post","type-post","status-publish","format-standard","has-post-thumbnail","hentry","category-colombia","category-democracia-digital","category-redmocracia"],"_links":{"self":[{"href":"https:\/\/redmocracia.org\/blog\/index.php\/wp-json\/wp\/v2\/posts\/741","targetHints":{"allow":["GET"]}}],"collection":[{"href":"https:\/\/redmocracia.org\/blog\/index.php\/wp-json\/wp\/v2\/posts"}],"about":[{"href":"https:\/\/redmocracia.org\/blog\/index.php\/wp-json\/wp\/v2\/types\/post"}],"author":[{"embeddable":true,"href":"https:\/\/redmocracia.org\/blog\/index.php\/wp-json\/wp\/v2\/users\/1"}],"replies":[{"embeddable":true,"href":"https:\/\/redmocracia.org\/blog\/index.php\/wp-json\/wp\/v2\/comments?post=741"}],"version-history":[{"count":5,"href":"https:\/\/redmocracia.org\/blog\/index.php\/wp-json\/wp\/v2\/posts\/741\/revisions"}],"predecessor-version":[{"id":747,"href":"https:\/\/redmocracia.org\/blog\/index.php\/wp-json\/wp\/v2\/posts\/741\/revisions\/747"}],"wp:featuredmedia":[{"embeddable":true,"href":"https:\/\/redmocracia.org\/blog\/index.php\/wp-json\/wp\/v2\/media\/742"}],"wp:attachment":[{"href":"https:\/\/redmocracia.org\/blog\/index.php\/wp-json\/wp\/v2\/media?parent=741"}],"wp:term":[{"taxonomy":"category","embeddable":true,"href":"https:\/\/redmocracia.org\/blog\/index.php\/wp-json\/wp\/v2\/categories?post=741"},{"taxonomy":"post_tag","embeddable":true,"href":"https:\/\/redmocracia.org\/blog\/index.php\/wp-json\/wp\/v2\/tags?post=741"}],"curies":[{"name":"wp","href":"https:\/\/api.w.org\/{rel}","templated":true}]}}