{"id":765,"date":"2025-09-22T23:50:03","date_gmt":"2025-09-22T23:50:03","guid":{"rendered":"https:\/\/redmocracia.org\/blog\/?p=765"},"modified":"2025-09-23T00:39:57","modified_gmt":"2025-09-23T00:39:57","slug":"tracking-digital-de-precandidatos-presidenciales-en-colombia-quien-entra-y-quien-sale-del-escenario-rumbo-a-2026","status":"publish","type":"post","link":"https:\/\/redmocracia.org\/blog\/index.php\/2025\/09\/22\/tracking-digital-de-precandidatos-presidenciales-en-colombia-quien-entra-y-quien-sale-del-escenario-rumbo-a-2026\/","title":{"rendered":"Tracking digital de precandidatos presidenciales en Colombia: \u00bfqui\u00e9n entra y qui\u00e9n sale del escenario rumbo a 2026?"},"content":{"rendered":"<p data-start=\"337\" data-end=\"701\"><img loading=\"lazy\" decoding=\"async\" class=\"alignnone wp-image-766\" src=\"https:\/\/redmocracia.org\/blog\/wp-content\/uploads\/2025\/09\/Imagen-de-WhatsApp-2025-09-22-a-las-18.49.08_f2220288-300x206.jpg\" alt=\"\" width=\"611\" height=\"419\" srcset=\"https:\/\/redmocracia.org\/blog\/wp-content\/uploads\/2025\/09\/Imagen-de-WhatsApp-2025-09-22-a-las-18.49.08_f2220288-300x206.jpg 300w, https:\/\/redmocracia.org\/blog\/wp-content\/uploads\/2025\/09\/Imagen-de-WhatsApp-2025-09-22-a-las-18.49.08_f2220288.jpg 604w\" sizes=\"auto, (max-width: 611px) 100vw, 611px\" \/><\/p>\n<p style=\"text-align: justify;\" data-start=\"337\" data-end=\"701\">El an\u00e1lisis digital de los precandidatos presidenciales en Colombia obliga a mirar no solo qui\u00e9n tiene m\u00e1s visibilidad hoy, sino c\u00f3mo ha cambiado esa visibilidad con el tiempo. Gracias al gr\u00e1fico interactivo \u201cPrecandidatos, presidencia Colombia\u201d de Redmocracia podemos contrastar los ascensos y descensos m\u00e1s relevantes desde mayo de 2024 hasta septiembre de 2025.<\/p>\n<div class=\"flourish-embed flourish-bar-chart-race\" data-src=\"visualisation\/18058379\"><script src=\"https:\/\/public.flourish.studio\/resources\/embed.js\"><\/script><noscript><img decoding=\"async\" src=\"https:\/\/public.flourish.studio\/visualisation\/18058379\/thumbnail\" width=\"100%\" alt=\"bar-chart-race visualization\" \/><\/noscript><\/div>\n<h2 style=\"text-align: justify;\" data-start=\"708\" data-end=\"776\">\ud83d\udcca Ascensos claros: quienes est\u00e1n subiendo de forma significativa<\/h2>\n<p style=\"text-align: justify;\" data-start=\"778\" data-end=\"928\">Estas figuras muestran incrementos notables en su visibilidad digital (seguidores \/ interacciones), o bien recuperaciones fuertes tras periodos bajos:<\/p>\n<p style=\"text-align: justify;\" data-start=\"778\" data-end=\"928\">Entre el 21 de agosto y el 22 de septiembre de 2025, los datos muestran din\u00e1micas diferenciadas entre los principales precandidatos y figuras pol\u00edticas en X. <strong data-start=\"158\" data-end=\"175\">@petrogustavo<\/strong> lidera ampliamente con cerca de <strong data-start=\"208\" data-end=\"241\">3.4 millones de interacciones<\/strong>, consolidando su hegemon\u00eda digital. En contraste, <strong data-start=\"292\" data-end=\"311\">@carolinacorcho<\/strong> destaca por una <strong data-start=\"328\" data-end=\"352\">subida significativa<\/strong>, al pasar de cifras marginales en 2024 a superar las <strong data-start=\"406\" data-end=\"431\">400 mil interacciones<\/strong> en 2025. De manera similar, <strong data-start=\"460\" data-end=\"478\">@QuinteroCalle<\/strong> recupera visibilidad tras altibajos previos y alcanza alrededor de <strong data-start=\"546\" data-end=\"571\">435 mil interacciones<\/strong> en septiembre. <strong data-start=\"587\" data-end=\"606\">@IvanCepedaCast<\/strong> mantiene un <strong data-start=\"619\" data-end=\"644\">crecimiento sostenido<\/strong>, llegando a m\u00e1s de <strong data-start=\"664\" data-end=\"689\">552 mil interacciones<\/strong>, mientras que <strong data-start=\"704\" data-end=\"721\">@vickydavilah<\/strong> y <strong data-start=\"724\" data-end=\"744\">@abdelaespriella<\/strong> irrumpen con fuerza hacia el final del periodo, proyect\u00e1ndose como <strong data-start=\"812\" data-end=\"841\">outsiders de la oposici\u00f3n<\/strong>. Finalmente, el caso de <strong data-start=\"866\" data-end=\"883\">@MiguelUribeL<\/strong> es notable: de estar ausente en los primeros registros pas\u00f3 a registrar cerca de <strong data-start=\"965\" data-end=\"990\">357 mil interacciones<\/strong>, confirmando su r\u00e1pida inserci\u00f3n en la conversaci\u00f3n digital.<\/p>\n<h2 style=\"text-align: justify;\" data-start=\"2497\" data-end=\"2550\">\ud83d\udd3b Descensos pronunciados: quienes pierden terreno<\/h2>\n<div class=\"_tableContainer_1rjym_1\" style=\"text-align: justify;\">\n<div class=\"group _tableWrapper_1rjym_13 flex w-fit flex-col-reverse\" style=\"text-align: justify;\" tabindex=\"-1\">En el apartado de declives, se observa que <strong data-start=\"43\" data-end=\"62\">@GustavoBolivar<\/strong> pas\u00f3 de superar el <strong data-start=\"82\" data-end=\"125\">mill\u00f3n de interacciones en mayo de 2024<\/strong> a estabilizarse en apenas <strong data-start=\"152\" data-end=\"189\">240\u2013250 mil en septiembre de 2025<\/strong>, lo que refleja una p\u00e9rdida sostenida de tracci\u00f3n digital. De manera similar, <strong data-start=\"268\" data-end=\"288\">@FranciaMarquezM<\/strong>, que inici\u00f3 con cifras considerables, experiment\u00f3 una <strong data-start=\"343\" data-end=\"375\">ca\u00edda progresiva y constante<\/strong>, quedando muy por debajo de varios l\u00edderes progresistas emergentes. Por su parte, <strong data-start=\"458\" data-end=\"510\">@LuisGMurillo, @AlexLopezMaya y @GloriaRamirezRi<\/strong> evidencian un comportamiento descendente a\u00fan m\u00e1s marcado, con niveles de interacci\u00f3n muy bajos hacia 2025, consolidando un patr\u00f3n de rezago en la competencia digital frente a otros actores del espectro pol\u00edtico.<\/div>\n<\/div>\n<h2 style=\"text-align: justify;\" data-start=\"3677\" data-end=\"3735\">\ud83d\udd04 Comparativas de bloques: qui\u00e9n gana terreno relativo<\/h2>\n<ul style=\"text-align: justify;\" data-start=\"3737\" data-end=\"4469\">\n<li data-start=\"3737\" data-end=\"4046\">\n<p data-start=\"3739\" data-end=\"4046\">El <strong data-start=\"3742\" data-end=\"3782\">bloque progresista \/ Pacto Hist\u00f3rico<\/strong> no solo mantiene su dominio, sino que lo refuerza: Petro sigue siendo el referente m\u00e1ximo; quienes m\u00e1s crecen \u2014 Corcho, Quintero, Cepeda \u2014 est\u00e1n dentro o muy cercanos a ese bloque, y aprovechan el espacio vacante que dejan quienes descienden (Bol\u00edvar, Marquez).<\/p>\n<\/li>\n<li data-start=\"4047\" data-end=\"4271\">\n<p data-start=\"4049\" data-end=\"4271\">En la <strong data-start=\"4055\" data-end=\"4078\">derecha \/ oposici\u00f3n<\/strong>, los ganadores son quienes renuevan o proponen nuevas voces: Vicky D\u00e1vila, De la Espriella, Miguel Uribe L. Las figuras cl\u00e1sicas que no innovan pierden terreno frente a la opini\u00f3n.<\/p>\n<\/li>\n<li data-start=\"4272\" data-end=\"4469\">\n<p data-start=\"4274\" data-end=\"4469\">El <strong data-start=\"4277\" data-end=\"4304\">centro \/ independientes<\/strong> pr\u00e1cticamente no consigue remontar: se vislumbra una persistente debilidad digital, salvo algunos repuntes aislados, pero nada proporcional al avance de extremos.<\/p>\n<\/li>\n<\/ul>\n<h2 style=\"text-align: justify;\" data-start=\"4476\" data-end=\"4508\">\ud83d\udd0d Implicaciones para el 2026<\/h2>\n<ul style=\"text-align: justify;\" data-start=\"4510\" data-end=\"4993\">\n<li data-start=\"4510\" data-end=\"4690\">\n<p data-start=\"4512\" data-end=\"4690\"><strong data-start=\"4512\" data-end=\"4554\">Transferencia de liderazgo progresista<\/strong>: quienes suben dentro del bloque progresista ser\u00e1n claves para captar seguidores de Petro.<\/p>\n<\/li>\n<li data-start=\"4691\" data-end=\"4837\">\n<p data-start=\"4693\" data-end=\"4837\"><strong data-start=\"4693\" data-end=\"4723\">Oportunidad para outsiders<\/strong>: los que emergen r\u00e1pido tienen la ventaja de capitalizar descontentos, llenar vac\u00edos dejando figuras que bajan.<\/p>\n<\/li>\n<li data-start=\"4838\" data-end=\"4993\">\n<p data-start=\"4840\" data-end=\"4993\"><strong data-start=\"4840\" data-end=\"4862\">Desaf\u00edo del centro<\/strong>: sin una estrategia muy clara, podr\u00edan quedar marginados en la conversaci\u00f3n p\u00fablica, aunque en votaci\u00f3n real puedan tener impacto.<\/p>\n<\/li>\n<\/ul>\n<h1>Tasa de Interacci\u00f3n entre agosto y Septiembre de 2025.<\/h1>\n<h2 style=\"text-align: justify;\" data-olk-copy-source=\"MessageBody\">\ud83d\udd34 Bloque de izquierda \/ progresistas<\/h2>\n<ul style=\"text-align: justify;\">\n<li><strong>@petrogustavo (3.4M)<\/strong>\u00a0\u2192 No ser\u00e1 candidato, pero su caudal digital respalda al Pacto Hist\u00f3rico.<\/li>\n<li><strong>Fuertes heredando ese capital:<\/strong>\n<ul>\n<li>@IvanCepedaCast (552K)<\/li>\n<li>@QuinteroCalle (435K)<\/li>\n<li>@carolinacorcho (427K)<\/li>\n<li>@GustavoBolivar (241K)<\/li>\n<li>@PizarroMariaJo (161K)<\/li>\n<\/ul>\n<\/li>\n<\/ul>\n<p style=\"text-align: justify;\">\ud83d\udc49 El bloque tiene la\u00a0<strong>base m\u00e1s s\u00f3lida<\/strong> en redes y movilizaci\u00f3n, pero depender\u00e1 de c\u00f3mo Petro transfiera su liderazgo. Un candidato fuerte de esta ala tiene muchas probabilidades de estar en segunda vuelta.<\/p>\n<h2 style=\"text-align: justify;\">\ud83d\udd35 Bloque de derecha \/ oposici\u00f3n<\/h2>\n<ul style=\"text-align: justify;\">\n<li><strong>@MariaFdaCabal (866K)<\/strong>\u00a0\u2192 Uribismo duro, gran presencia digital.<\/li>\n<li><strong>@Vickydavilah (773K)<\/strong>\u00a0\u2192 Aunque no es pol\u00edtica tradicional, podr\u00eda capitalizar su alcance.<\/li>\n<li><strong>Abdelaespriella (771K)<\/strong>\u00a0\u2192 M\u00e1s outsider, discurso radical.<\/li>\n<li><strong>@MiguelPoloP (246K)<\/strong>\u00a0\u2192 Influencer con fuerza en opini\u00f3n p\u00fablica joven.<\/li>\n<li><strong>@EnriquePenalosa (261K)<\/strong>\u00a0\u2192 Experiencia electoral, centro-derecha con visibilidad.<\/li>\n<\/ul>\n<p style=\"text-align: justify;\">\ud83d\udc49 El bloque de derecha muestra\u00a0<strong>varias figuras competitivas<\/strong>, con Cabal como la m\u00e1s fuerte en interacciones y potencial para segunda vuelta.<\/p>\n<h2 style=\"text-align: justify;\">\ud83d\udfe1 Bloque de centro<\/h2>\n<ul style=\"text-align: justify;\">\n<li><strong>@Sergio_fajardo (53K)<\/strong>\u00a0y\u00a0<strong>@juanmanuelgalan (14K)<\/strong>\u00a0\u2192 Con trayectoria pol\u00edtica, pero muy d\u00e9biles en redes frente a extremos.<\/li>\n<li><strong>@JDOviedoA (12K)<\/strong>\u00a0\u2192 Creciendo, perfil t\u00e9cnico, podr\u00eda ser outsider de centro.<\/li>\n<\/ul>\n<p style=\"text-align: justify;\">\ud83d\udc49 El centro en redes en la actualidad tiene <strong>baja tracci\u00f3n digital<\/strong> .<\/p>\n<h1>Tasa de Interacci\u00f3n en Twitter, \u00bfQui\u00e9nes ganan?<\/h1>\n<p style=\"text-align: justify;\">El corte de interacciones de abril\u2013mayo 2025 confirma la marcada polarizaci\u00f3n digital entre progresismo y derecha. En la izquierda, <strong data-start=\"245\" data-end=\"262\">@petrogustavo<\/strong> domina con m\u00e1s de 835 mil retweets y 2.2 millones de \u201ccorazones\u201d, seguido por <strong data-start=\"341\" data-end=\"360\">@IvanCepedaCast<\/strong> y <strong data-start=\"363\" data-end=\"382\">@carolinacorcho<\/strong>, quienes consolidan posiciones de liderazgo dentro del Pacto Hist\u00f3rico. Figuras como <strong data-start=\"468\" data-end=\"486\">@QuinteroCalle<\/strong> y <strong data-start=\"489\" data-end=\"508\">@PizarroMariaJo<\/strong> tambi\u00e9n muestran desempe\u00f1os robustos, reforzando la idea de un relevo generacional en marcha. En contraste, la derecha exhibe un ecosistema diversificado: <strong data-start=\"664\" data-end=\"682\">@MariaFdaCabal<\/strong> y <strong data-start=\"685\" data-end=\"702\">@vickydavilah<\/strong> rivalizan en alcance (cerca de medio mill\u00f3n de \u201clikes\u201d cada una), mientras <strong data-start=\"778\" data-end=\"798\">@abdelaespriella<\/strong> y <strong data-start=\"801\" data-end=\"817\">@MiguelPoloP<\/strong> capitalizan un discurso m\u00e1s radical y de alta viralidad. Por su parte, el centro (Fajardo, Gal\u00e1n, Oviedo) se mantiene rezagado con cifras modestas, incapaz de romper la hegemon\u00eda de los extremos.<\/p>\n<div class=\"flourish-embed flourish-chart\" data-src=\"visualisation\/20519565\"><script src=\"https:\/\/public.flourish.studio\/resources\/embed.js\"><\/script><noscript><img decoding=\"async\" src=\"https:\/\/public.flourish.studio\/visualisation\/20519565\/thumbnail\" width=\"100%\" alt=\"chart visualization\" \/><\/noscript><\/div>\n<p style=\"text-align: justify;\">En t\u00e9rminos metodol\u00f3gicos, este an\u00e1lisis se fundamenta en la recolecci\u00f3n de interacciones digitales (likes, comentarios, compartidos y vistas) reportadas en cortes temporales entre mayo de 2024 y septiembre de 2025, normalizadas por cuenta y clasificadas seg\u00fan afinidad ideol\u00f3gica. La comparaci\u00f3n longitudinal permite identificar tendencias de crecimiento o declive en la capacidad de movilizaci\u00f3n digital de cada precandidato, entendiendo estas m\u00e9tricas como un proxy de visibilidad m\u00e1s que de intenci\u00f3n de voto. As\u00ed, el seguimiento continuo en plataformas como <strong data-start=\"635\" data-end=\"656\">X (antes Twitter)<\/strong> revela la din\u00e1mica de entrada y salida de actores pol\u00edticos en el ecosistema presidencial, y anticipa posibles escenarios de competencia electoral hacia 2026.<\/p>\n","protected":false},"excerpt":{"rendered":"<p>El an\u00e1lisis digital de los precandidatos presidenciales en Colombia obliga a mirar no solo qui\u00e9n tiene m\u00e1s visibilidad hoy, sino c\u00f3mo ha cambiado esa visibilidad con el tiempo. Gracias al gr\u00e1fico interactivo \u201cPrecandidatos, presidencia Colombia\u201d de Redmocracia podemos contrastar los ascensos y descensos m\u00e1s relevantes desde mayo de 2024 hasta septiembre de 2025. \ud83d\udcca Ascensos [&hellip;]<\/p>\n","protected":false},"author":1,"featured_media":766,"comment_status":"open","ping_status":"closed","sticky":false,"template":"","format":"standard","meta":{"footnotes":""},"categories":[11,10,8],"tags":[],"class_list":["post-765","post","type-post","status-publish","format-standard","has-post-thumbnail","hentry","category-colombia","category-democracia-digital","category-redmocracia"],"_links":{"self":[{"href":"https:\/\/redmocracia.org\/blog\/index.php\/wp-json\/wp\/v2\/posts\/765","targetHints":{"allow":["GET"]}}],"collection":[{"href":"https:\/\/redmocracia.org\/blog\/index.php\/wp-json\/wp\/v2\/posts"}],"about":[{"href":"https:\/\/redmocracia.org\/blog\/index.php\/wp-json\/wp\/v2\/types\/post"}],"author":[{"embeddable":true,"href":"https:\/\/redmocracia.org\/blog\/index.php\/wp-json\/wp\/v2\/users\/1"}],"replies":[{"embeddable":true,"href":"https:\/\/redmocracia.org\/blog\/index.php\/wp-json\/wp\/v2\/comments?post=765"}],"version-history":[{"count":15,"href":"https:\/\/redmocracia.org\/blog\/index.php\/wp-json\/wp\/v2\/posts\/765\/revisions"}],"predecessor-version":[{"id":781,"href":"https:\/\/redmocracia.org\/blog\/index.php\/wp-json\/wp\/v2\/posts\/765\/revisions\/781"}],"wp:featuredmedia":[{"embeddable":true,"href":"https:\/\/redmocracia.org\/blog\/index.php\/wp-json\/wp\/v2\/media\/766"}],"wp:attachment":[{"href":"https:\/\/redmocracia.org\/blog\/index.php\/wp-json\/wp\/v2\/media?parent=765"}],"wp:term":[{"taxonomy":"category","embeddable":true,"href":"https:\/\/redmocracia.org\/blog\/index.php\/wp-json\/wp\/v2\/categories?post=765"},{"taxonomy":"post_tag","embeddable":true,"href":"https:\/\/redmocracia.org\/blog\/index.php\/wp-json\/wp\/v2\/tags?post=765"}],"curies":[{"name":"wp","href":"https:\/\/api.w.org\/{rel}","templated":true}]}}